{"id":1129,"date":"2024-05-07T18:46:08","date_gmt":"2024-05-07T21:46:08","guid":{"rendered":"https:\/\/k01.com.br\/10k\/?p=1129"},"modified":"2024-05-07T19:55:05","modified_gmt":"2024-05-07T22:55:05","slug":"1129-2","status":"publish","type":"post","link":"https:\/\/k01.com.br\/10k\/1129-2\/","title":{"rendered":"Brinque com o seu c\u00e9rebro: Explorando os Recantos da Intelig\u00eancia Humana"},"content":{"rendered":"<div class=\"wp-block-jetpack-markdown\"><h2>Introdu\u00e7\u00e3o<\/h2>\n<p><img decoding=\"async\" src=\"https:\/\/cdn.videotap.com\/9979\/screenshots\/zwhi6QlvWIki37Hb0rPZ-311.22.png\" alt=\"\"> No epis\u00f3dio #11 do CE Podcast, \u201cBrinque com o seu c\u00e9rebro\u201d, Humberto Massareto \u2014 um renomado consultor e escritor sobre criatividade \u2014 nos convida a uma jornada pelo fascinante universo da intelig\u00eancia humana. \u201cEssa m\u00e1quina era muito potente, mas ela \u00e9 pregui\u00e7osa. Ent\u00e3o, brinque com o seu c\u00e9rebro, tanto quanto voc\u00ea possa, porque quando a gente come\u00e7a essa brincadeira, n\u00e3o d\u00e1 mais vontade de parar,\u201d nos aconselha Humberto, destacando a import\u00e2ncia de manter nosso c\u00e9rebro ativo e engajado.<\/p>\n<h2>A Transforma\u00e7\u00e3o Digital Como Reflexo da Intelig\u00eancia Humana<\/h2>\n<p>Nos \u00faltimos anos, especialmente em per\u00edodos de confinamento global, observamos uma acelera\u00e7\u00e3o significativa na transforma\u00e7\u00e3o digital de pequenos e grandes neg\u00f3cios. Empresas que outrora operavam integralmente de forma presencial, viram-se obrigadas a ingressar no mundo virtual.<\/p>\n<blockquote>\n<p>Um impacto como esse da pandemia acelera processos que estavam em andamento. Observamos pequenos neg\u00f3cios com plaquinhas de pedidos via WhatsApp onde antes nem existia com\u00e9rcio digital.<\/p>\n<\/blockquote>\n<p>\u00c9 em momentos como esse que a capacidade humana de adapta\u00e7\u00e3o se destaca. A intelig\u00eancia n\u00e3o se mostra apenas no desenvolvimento de novas tecnologias, mas tamb\u00e9m na capacidade de mudar e se adaptar a novos cen\u00e1rios.<\/p>\n<h2>As Facetas da Intelig\u00eancia: Entre Darwin e Goleman<\/h2>\n<p>A intelig\u00eancia humana \u00e9 prism\u00e1tica e disp\u00f5e de v\u00e1rias faces, algumas delas at\u00e9 paradoxais. Por um lado, temos hist\u00f3rias que nos fazem questionar a intelig\u00eancia humana, como o famoso \u201cPadre do Bal\u00e3o\u201d, um brasileiro premiado por uma fa\u00e7anha que causou perigos e terminou em trag\u00e9dia, refletindo decis\u00f5es question\u00e1veis.<\/p>\n<p>Em outro espectro, a teoria das intelig\u00eancias m\u00faltiplas de <strong>Howard Gardner<\/strong> e a intelig\u00eancia emocional de <strong>Daniel Goleman<\/strong> ilustram a complexidade e diversidade da intelig\u00eancia humana:<\/p>\n<ul>\n<li><strong>Howard Gardner<\/strong> aponta para m\u00faltiplas intelig\u00eancias, como a lingu\u00edstica, l\u00f3gica, e at\u00e9 cinest\u00e9sica (exemplificada por atletas como Cristiano Ronaldo).<\/li>\n<li><strong>Daniel Goleman<\/strong>, por outro lado, destaca a intelig\u00eancia emocional, uma capacidade de reconhecer, entender e gerir as pr\u00f3prias emo\u00e7\u00f5es e as dos outros.<\/li>\n<\/ul>\n<h2>Experi\u00eancia e Intelig\u00eancia: A Dupla Din\u00e2mica<\/h2>\n<p><img decoding=\"async\" src=\"https:\/\/cdn.videotap.com\/9979\/screenshots\/LJKQYny0EcwvdS5bTP0q-34.52.png\" alt=\"\">A intera\u00e7\u00e3o entre experi\u00eancia e intelig\u00eancia \u00e9 ineg\u00e1vel. Conforme avan\u00e7amos em nossas carreiras ou na vida acad\u00eamica \u2014 por exemplo, ao concluir um mestrado \u2014, aprofundamos nossa compreens\u00e3o sobre o que o mercado de trabalho realmente valoriza:<\/p>\n<ul>\n<li>A criatividade figura como uma das habilidades mais requisitadas, seguida pela capacidade de aplicar experi\u00eancias passadas de forma s\u00e1bia e contextual.<\/li>\n<\/ul>\n<p>Essa intera\u00e7\u00e3o \u00e9 refor\u00e7ada continuamente pelas nossas escolhas e pelos desafios que enfrentamos, ampliando nossa capacidade de resolver problemas e gerar novas ideias.<\/p>\n<h2>O C\u00e9rebro Humano: Um Supercomputador Org\u00e2nico?<\/h2>\n<p>Nosso c\u00e9rebro \u00e9 uma estrutura fascinante, dividido em partes como o reptiliano, respons\u00e1vel pelos instintos b\u00e1sicos, o l\u00edmbico, o centro das emo\u00e7\u00f5es, e o neoc\u00f3rtex, que nos empodera com capacidades anal\u00edticas e decis\u00f3rias.<\/p>\n<blockquote>\n<p>\u201cO meu corpo serve para levar o meu c\u00e9rebro onde ele quer passear,\u201d revela Ken Robinson, destacando a import\u00e2ncia do corpo como ve\u00edculo para nossa intelig\u00eancia.<\/p>\n<\/blockquote>\n<h2>Conclus\u00e3o: O Futuro da Intelig\u00eancia Humana<\/h2>\n<p>Olhar para o futuro \u00e9 perceber que a nossa jornada evolutiva ainda reserva muitas transforma\u00e7\u00f5es, especialmente com o avan\u00e7o da intelig\u00eancia artificial. A IA pode nos oferecer ferramentas para otimizar processos e aumentar nossa efici\u00eancia, mas tamb\u00e9m nos desafia a reexaminar quest\u00f5es \u00e9ticas e sociais.<\/p>\n<p><img decoding=\"async\" src=\"https:\/\/cdn.videotap.com\/9979\/screenshots\/baGSlGCqCKVkTbWQO1pu-38.26.png\" alt=\"\">Enquanto buscamos essas respostas, sigamos o conselho de Humberto Massareto:<\/p>\n<blockquote>\n<p>\u201cBrinque com o seu c\u00e9rebro\u2026 porque quando a gente come\u00e7a essa brincadeira, n\u00e3o d\u00e1 mais vontade de parar.\u201d<\/p>\n<\/blockquote>\n<p>Explorar a riqueza e a complexidade da intelig\u00eancia humana \u00e9 tanto um desafio quanto uma celebra\u00e7\u00e3o do que nos torna verdadeiramente humanos.<\/p>\n<\/div><figure class=\"wp-block-embed is-type-video is-provider-youtube wp-block-embed-youtube wp-embed-aspect-16-9 wp-has-aspect-ratio\"><div class=\"wp-block-embed__wrapper\">\n<div class=\"jetpack-video-wrapper\"><iframe title=\"#11 \u2018Brinque com o seu c\u00e9rebro\u2019 Humberto Massareto | CE Podcast\" width=\"750\" height=\"422\" src=\"https:\/\/www.youtube.com\/embed\/g34dtKoPut4?feature=oembed\" frameborder=\"0\" allow=\"accelerometer; autoplay; clipboard-write; encrypted-media; gyroscope; picture-in-picture; web-share\" referrerpolicy=\"strict-origin-when-cross-origin\" allowfullscreen><\/iframe><\/div>\n<\/div><figcaption class=\"wp-element-caption\">Veja o v\u00eddeo da entrevista na \u00edntegra!<\/figcaption><\/figure>","protected":false},"excerpt":{"rendered":"","protected":false},"author":1,"featured_media":1130,"comment_status":"open","ping_status":"open","sticky":false,"template":"","format":"standard","meta":{"_jetpack_memberships_contains_paid_content":false,"_joinchat":[],"footnotes":"","_wpscppro_custom_social_share_image":0,"_facebook_share_type":"","_twitter_share_type":"","_linkedin_share_type":"","_pinterest_share_type":"","_linkedin_share_type_page":"","_instagram_share_type":"","_medium_share_type":"","_threads_share_type":"","_selected_social_profile":[]},"categories":[42],"tags":[],"class_list":["post-1129","post","type-post","status-publish","format-standard","has-post-thumbnail","hentry","category-linkedin"],"jetpack_featured_media_url":"https:\/\/k01.com.br\/10k\/wp-content\/uploads\/2024\/05\/22181-1715116919568-thumbnail.jpg","jetpack_sharing_enabled":true,"_links":{"self":[{"href":"https:\/\/k01.com.br\/10k\/wp-json\/wp\/v2\/posts\/1129","targetHints":{"allow":["GET"]}}],"collection":[{"href":"https:\/\/k01.com.br\/10k\/wp-json\/wp\/v2\/posts"}],"about":[{"href":"https:\/\/k01.com.br\/10k\/wp-json\/wp\/v2\/types\/post"}],"author":[{"embeddable":true,"href":"https:\/\/k01.com.br\/10k\/wp-json\/wp\/v2\/users\/1"}],"replies":[{"embeddable":true,"href":"https:\/\/k01.com.br\/10k\/wp-json\/wp\/v2\/comments?post=1129"}],"version-history":[{"count":3,"href":"https:\/\/k01.com.br\/10k\/wp-json\/wp\/v2\/posts\/1129\/revisions"}],"predecessor-version":[{"id":1134,"href":"https:\/\/k01.com.br\/10k\/wp-json\/wp\/v2\/posts\/1129\/revisions\/1134"}],"wp:featuredmedia":[{"embeddable":true,"href":"https:\/\/k01.com.br\/10k\/wp-json\/wp\/v2\/media\/1130"}],"wp:attachment":[{"href":"https:\/\/k01.com.br\/10k\/wp-json\/wp\/v2\/media?parent=1129"}],"wp:term":[{"taxonomy":"category","embeddable":true,"href":"https:\/\/k01.com.br\/10k\/wp-json\/wp\/v2\/categories?post=1129"},{"taxonomy":"post_tag","embeddable":true,"href":"https:\/\/k01.com.br\/10k\/wp-json\/wp\/v2\/tags?post=1129"}],"curies":[{"name":"wp","href":"https:\/\/api.w.org\/{rel}","templated":true}]}}