{"id":1476,"date":"2024-07-23T11:21:12","date_gmt":"2024-07-23T14:21:12","guid":{"rendered":"https:\/\/k01.com.br\/10k\/?p=1476"},"modified":"2024-07-23T11:21:51","modified_gmt":"2024-07-23T14:21:51","slug":"inteligencia-social","status":"publish","type":"post","link":"https:\/\/k01.com.br\/10k\/inteligencia-social\/","title":{"rendered":"Desenvolvendo sua intelig\u00eancia social"},"content":{"rendered":"<p>\u00c9 preciso estabelecer planos de a\u00e7\u00e3o para desenvolvimento cont\u00ednuo, verificar programas de treinamento recomendados para os temas a serem desenvolvidos e recursos e ferramentas adicionais.<\/p><p>Aqui, voc\u00ea encontrar\u00e1 orienta\u00e7\u00f5es pr\u00e1ticas para continuar aprimorando suas habilidades de intelig\u00eancia social ao longo da carreira.<\/p><p><strong>9.1 Planos de a\u00e7\u00e3o para desenvolvimento cont\u00ednuo<\/strong><\/p><p>Desenvolver a intelig\u00eancia social \u00e9 um processo cont\u00ednuo que requer dedica\u00e7\u00e3o, pr\u00e1tica e reflex\u00e3o. A intelig\u00eancia social envolve a capacidade de compreender e gerenciar as pr\u00f3prias emo\u00e7\u00f5es, bem como as emo\u00e7\u00f5es dos outros, promovendo relacionamentos saud\u00e1veis e eficazes.<\/p><p>Seguem alguns planos de a\u00e7\u00e3o pr\u00e1ticos e os passos para o desenvolvimento cont\u00ednuo da intelig\u00eancia social, proporcionando uma abordagem estruturada para melhorar essa habilidade essencial no ambiente corporativo.<\/p><p><strong>9.1.1 Autoavalia\u00e7\u00e3o e reflex\u00e3o cont\u00ednua<\/strong><\/p><p><strong>Autoavalia\u00e7\u00e3o Regular:<\/strong> realizar autoavalia\u00e7\u00f5es peri\u00f3dicas para identificar os pontos fortes e \u00e1reas de melhoria em rela\u00e7\u00e3o \u00e0 intelig\u00eancia social. Usar ferramentas de avalia\u00e7\u00e3o, como testes de intelig\u00eancia emocional, para obter uma compreens\u00e3o mais clara de suas compet\u00eancias.<\/p><p><strong>Reflex\u00e3o di\u00e1ria:<\/strong> reservar um tempo diariamente para refletir sobre as intera\u00e7\u00f5es sociais. Perguntar a si mesmo como gerenciou as pr\u00f3prias emo\u00e7\u00f5es e as dos outros, e identificar oportunidades de melhoria.<\/p><p><strong>Di\u00e1rio de bordo:<\/strong> manter um di\u00e1rio onde possa registrar as experi\u00eancias e reflex\u00f5es sobre as intera\u00e7\u00f5es sociais, ajudando, assim, a monitorar o progresso e a identificar padr\u00f5es de comportamento.<\/p>","protected":false},"excerpt":{"rendered":"<p>\u00c9 preciso estabelecer planos de a\u00e7\u00e3o para desenvolvimento cont\u00ednuo, verificar programas de treinamento recomendados para os temas a serem desenvolvidos e recursos e ferramentas adicionais. Aqui, voc\u00ea encontrar\u00e1 orienta\u00e7\u00f5es pr\u00e1ticas para continuar aprimorando suas habilidades de intelig\u00eancia social ao longo da carreira. 9.1 Planos de &hellip; <\/p>\n","protected":false},"author":1,"featured_media":0,"comment_status":"open","ping_status":"open","sticky":false,"template":"","format":"standard","meta":{"_jetpack_memberships_contains_paid_content":false,"_joinchat":[],"footnotes":"","_wpscppro_custom_social_share_image":0,"_facebook_share_type":"default","_twitter_share_type":"default","_linkedin_share_type":"default","_pinterest_share_type":"default","_linkedin_share_type_page":"default","_instagram_share_type":"default","_medium_share_type":"","_threads_share_type":"","_selected_social_profile":[{"id":"n6Hi6B3VYl","platform":"linkedin","platformKey":0,"name":"Humberto Massareto","type":"person","thumbnail_url":"https:\/\/media.licdn.com\/dms\/image\/D4D03AQF1Or0BVsIbnw\/profile-displayphoto-shrink_100_100\/0\/1705640875047?e=1715817600&v=beta&t=2zfigVphpIJx66buI9OuqPB-gJClwpRYnA8Bhi1L6cI","share_type":"default"}]},"categories":[25],"tags":[],"class_list":["post-1476","post","type-post","status-publish","format-standard","hentry","category-qcc24"],"jetpack_featured_media_url":"","jetpack_sharing_enabled":true,"_links":{"self":[{"href":"https:\/\/k01.com.br\/10k\/wp-json\/wp\/v2\/posts\/1476","targetHints":{"allow":["GET"]}}],"collection":[{"href":"https:\/\/k01.com.br\/10k\/wp-json\/wp\/v2\/posts"}],"about":[{"href":"https:\/\/k01.com.br\/10k\/wp-json\/wp\/v2\/types\/post"}],"author":[{"embeddable":true,"href":"https:\/\/k01.com.br\/10k\/wp-json\/wp\/v2\/users\/1"}],"replies":[{"embeddable":true,"href":"https:\/\/k01.com.br\/10k\/wp-json\/wp\/v2\/comments?post=1476"}],"version-history":[{"count":2,"href":"https:\/\/k01.com.br\/10k\/wp-json\/wp\/v2\/posts\/1476\/revisions"}],"predecessor-version":[{"id":1493,"href":"https:\/\/k01.com.br\/10k\/wp-json\/wp\/v2\/posts\/1476\/revisions\/1493"}],"wp:attachment":[{"href":"https:\/\/k01.com.br\/10k\/wp-json\/wp\/v2\/media?parent=1476"}],"wp:term":[{"taxonomy":"category","embeddable":true,"href":"https:\/\/k01.com.br\/10k\/wp-json\/wp\/v2\/categories?post=1476"},{"taxonomy":"post_tag","embeddable":true,"href":"https:\/\/k01.com.br\/10k\/wp-json\/wp\/v2\/tags?post=1476"}],"curies":[{"name":"wp","href":"https:\/\/api.w.org\/{rel}","templated":true}]}}