{"id":437,"date":"2024-02-19T10:10:31","date_gmt":"2024-02-19T13:10:31","guid":{"rendered":"https:\/\/k01.com.br\/10k\/?p=437"},"modified":"2024-02-19T10:11:14","modified_gmt":"2024-02-19T13:11:14","slug":"definicao-de-lideranca-inclusiva","status":"publish","type":"post","link":"https:\/\/k01.com.br\/10k\/definicao-de-lideranca-inclusiva\/","title":{"rendered":"Defini\u00e7\u00e3o de Lideran\u00e7a Inclusiva"},"content":{"rendered":"<p class=\"p1\">Lideran\u00e7a inclusiva \u00e9 um estilo de lideran\u00e7a que valoriza e promove a diversidade e a inclus\u00e3o<\/p>\n<p class=\"p1\">no ambiente de trabalho. Ela se caracteriza pela capacidade do l\u00edder de reconhecer e apreciar<\/p>\n<p class=\"p1\">as diferen\u00e7as individuais, criando um ambiente onde todos se sentem valorizados e<\/p>\n<p class=\"p1\">respeitados.<\/p>\n<p class=\"p1\">Esse estilo de gest\u00e3o enfatiza a import\u00e2ncia de criar um ambiente de trabalho onde todas as<\/p>\n<p class=\"p1\">vozes sejam ouvidas e valorizadas. Essa abordagem reconhece e celebra a diversidade dentro<\/p>\n<p class=\"p1\">de uma equipe, incentivando a participa\u00e7\u00e3o de pessoas de diferentes origens, experi\u00eancias e<\/p>\n<p class=\"p1\">perspectivas.<\/p>\n<p class=\"p1\">Lideran\u00e7a inclusiva implica reconhecer e celebrar diferen\u00e7as, sejam elas culturais, de g\u00eanero,<\/p>\n<p class=\"p1\">idade, habilidades ou qualquer outra forma de diversidade. L\u00edderes inclusivos s\u00e3o aqueles que<\/p>\n<p class=\"p1\">entendem as nuances dessas diferen\u00e7as e trabalham ativamente para garantir que todos<\/p>\n<p class=\"p1\">tenham acesso igual \u00e0s oportunidades e recursos dentro da organiza\u00e7\u00e3o.<\/p>\n<p class=\"p1\">L\u00edderes inclusivos s\u00e3o conscientes de suas pr\u00f3prias prefer\u00eancias e preconceitos e trabalham<\/p>\n<p class=\"p1\">ativamente para promover a igualdade e a inclus\u00e3o no local de trabalho.<\/p>\n<p class=\"p1\">L\u00edderes inclusivos s\u00e3o aqueles que praticam a empatia, a abertura para novas ideias e a<\/p>\n<p class=\"p1\">colabora\u00e7\u00e3o. Eles entendem que cada membro da equipe traz uma perspectiva \u00fanica, que<\/p>\n<p class=\"p1\">pode contribuir significativamente para a solu\u00e7\u00e3o de problemas e o desenvolvimento de novas<\/p>\n<p class=\"p1\">estrat\u00e9gias.<\/p>\n","protected":false},"excerpt":{"rendered":"<p>Lideran\u00e7a inclusiva \u00e9 um estilo de lideran\u00e7a que valoriza e promove a diversidade e a inclus\u00e3o no ambiente de trabalho. Ela se caracteriza pela capacidade do l\u00edder de reconhecer e apreciar as diferen\u00e7as individuais, criando um ambiente onde todos se sentem valorizados e respeitados. Esse &hellip; <\/p>\n","protected":false},"author":1,"featured_media":0,"comment_status":"open","ping_status":"open","sticky":false,"template":"","format":"standard","meta":{"_jetpack_memberships_contains_paid_content":false,"_joinchat":[],"footnotes":"","_wpscppro_custom_social_share_image":0,"_facebook_share_type":"","_twitter_share_type":"","_linkedin_share_type":"","_pinterest_share_type":"","_linkedin_share_type_page":"","_instagram_share_type":"","_medium_share_type":"","_threads_share_type":"","_selected_social_profile":[]},"categories":[2],"tags":[],"class_list":["post-437","post","type-post","status-publish","format-standard","hentry","category-uncategorized"],"jetpack_featured_media_url":"","jetpack_sharing_enabled":true,"_links":{"self":[{"href":"https:\/\/k01.com.br\/10k\/wp-json\/wp\/v2\/posts\/437","targetHints":{"allow":["GET"]}}],"collection":[{"href":"https:\/\/k01.com.br\/10k\/wp-json\/wp\/v2\/posts"}],"about":[{"href":"https:\/\/k01.com.br\/10k\/wp-json\/wp\/v2\/types\/post"}],"author":[{"embeddable":true,"href":"https:\/\/k01.com.br\/10k\/wp-json\/wp\/v2\/users\/1"}],"replies":[{"embeddable":true,"href":"https:\/\/k01.com.br\/10k\/wp-json\/wp\/v2\/comments?post=437"}],"version-history":[{"count":1,"href":"https:\/\/k01.com.br\/10k\/wp-json\/wp\/v2\/posts\/437\/revisions"}],"predecessor-version":[{"id":442,"href":"https:\/\/k01.com.br\/10k\/wp-json\/wp\/v2\/posts\/437\/revisions\/442"}],"wp:attachment":[{"href":"https:\/\/k01.com.br\/10k\/wp-json\/wp\/v2\/media?parent=437"}],"wp:term":[{"taxonomy":"category","embeddable":true,"href":"https:\/\/k01.com.br\/10k\/wp-json\/wp\/v2\/categories?post=437"},{"taxonomy":"post_tag","embeddable":true,"href":"https:\/\/k01.com.br\/10k\/wp-json\/wp\/v2\/tags?post=437"}],"curies":[{"name":"wp","href":"https:\/\/api.w.org\/{rel}","templated":true}]}}