{"id":519,"date":"2024-03-09T13:17:28","date_gmt":"2024-03-09T16:17:28","guid":{"rendered":"https:\/\/k01.com.br\/10k\/?p=519"},"modified":"2024-03-10T20:04:56","modified_gmt":"2024-03-10T23:04:56","slug":"a-criatividade-como-uma-atitude-perante-a-realidade","status":"publish","type":"post","link":"https:\/\/k01.com.br\/10k\/a-criatividade-como-uma-atitude-perante-a-realidade\/","title":{"rendered":"A criatividade como uma atitude perante \u00e0 realidade"},"content":{"rendered":"<p>O Andr\u00e9 Martins, que \u00e9 o curador desse m\u00f3dulo, pede para que voc\u00ea comente a seguinte afirma\u00e7\u00e3o: &#8220;se a criatividade \u00e9 express\u00e3o de for\u00e7a vital, a falta de criatividade poderia ser vista como um bloqueio da espontaneidade, da express\u00e3o de si mesmo, do contato com o n\u00facleo do self, essa fonte de vida que cada um \u00e9&#8221;.<\/p>\n<p>\u00c9 importante, ent\u00e3o, para poder comentar a interven\u00e7\u00e3o do Andr\u00e9, colocar rapidamente o conceito de verdadeiro self, que \u00e9 um conceito winnicottiano. Winnicott fala: &#8220;n\u00f3s podemos construir nosso verdadeiro self ou um self adaptativo, um self defensivo&#8221;. Mas, isso n\u00e3o \u00e9 a realiza\u00e7\u00e3o de uma ess\u00eancia, \u00e9 uma tend\u00eancia, uma virtualidade que pode ou n\u00e3o se concretizar.<\/p>\n<p>Agora, qual a tend\u00eancia? N\u00f3s somos por natureza seres criativos. A criatividade, em Winnicott, n\u00e3o \u00e9 a criatividade apenas do grande artista, do grande criador, a criatividade \u00e9 a atitude perante \u00e0 vida, uma atitude perante \u00e0 realidade. Winnicott vai dizer que se a fantasia, se quando crian\u00e7a, opera de determinada maneira, na vida adulta, continua sempre funcionando.<\/p>\n<p>N\u00f3s nunca temos uma rela\u00e7\u00e3o direta com a realidade. N\u00f3s sempre temos uma rela\u00e7\u00e3o com a realidade mediada pela fantasia. A pergunta \u00e9: mas qual a diferen\u00e7a com os? Eles tamb\u00e9m se relacionam atrav\u00e9s de fantasias, sem tomar not\u00edcia do mundo real. A diferen\u00e7a, Winnicott \u00e9 expl\u00edcito nisso, \u00e9 que n\u00f3s aprendemos com a experi\u00eancia.<\/p>\n<p>Quais s\u00e3o as fantasias que funcionam no cotidiano e quais que n\u00e3o. E as que n\u00e3o, guardamos para a religi\u00e3o e para a arte. Ent\u00e3o, a cria\u00e7\u00e3o de n\u00f3s mesmos, criar nosso verdadeiro self, e a atitude criativa perante a realidade, isto \u00e9 uma exig\u00eancia da nossa natureza.<\/p>\n<p><a href=\"https:\/\/www.youtube.com\/watch?v=TTRKhvM8zlg\" target=\"_blank\" rel=\"noopener\">Inspirado em conte\u00fado externo<\/a><br \/>\n<a href=\"https:\/\/k01.com.br\/10k\/category\/linkedin\/\"><strong>Saiba Muito Mais, com Humberto Massareto<\/strong><\/a><\/p>\n","protected":false},"excerpt":{"rendered":"<p>O Andr\u00e9 Martins, que \u00e9 o curador desse m\u00f3dulo, pede para que voc\u00ea comente a seguinte afirma\u00e7\u00e3o: &#8220;se a criatividade \u00e9 express\u00e3o de for\u00e7a vital, a falta de criatividade poderia ser vista como um bloqueio da espontaneidade, da express\u00e3o de si mesmo, do contato com &hellip; <\/p>\n","protected":false},"author":1,"featured_media":517,"comment_status":"open","ping_status":"open","sticky":false,"template":"","format":"standard","meta":{"_jetpack_memberships_contains_paid_content":false,"_joinchat":[],"footnotes":"","_wpscppro_custom_social_share_image":0,"_facebook_share_type":"","_twitter_share_type":"","_linkedin_share_type":"","_pinterest_share_type":"","_linkedin_share_type_page":"","_instagram_share_type":"","_medium_share_type":"","_threads_share_type":"","_selected_social_profile":[]},"categories":[42],"tags":[53,60,57],"class_list":["post-519","post","type-post","status-publish","format-standard","has-post-thumbnail","hentry","category-linkedin","tag-conhecimento","tag-criatividade","tag-criatividade-humana"],"jetpack_featured_media_url":"https:\/\/k01.com.br\/10k\/wp-content\/uploads\/2024\/03\/htmlF_IMG_65ec457212f5a.jpg","jetpack_sharing_enabled":true,"_links":{"self":[{"href":"https:\/\/k01.com.br\/10k\/wp-json\/wp\/v2\/posts\/519","targetHints":{"allow":["GET"]}}],"collection":[{"href":"https:\/\/k01.com.br\/10k\/wp-json\/wp\/v2\/posts"}],"about":[{"href":"https:\/\/k01.com.br\/10k\/wp-json\/wp\/v2\/types\/post"}],"author":[{"embeddable":true,"href":"https:\/\/k01.com.br\/10k\/wp-json\/wp\/v2\/users\/1"}],"replies":[{"embeddable":true,"href":"https:\/\/k01.com.br\/10k\/wp-json\/wp\/v2\/comments?post=519"}],"version-history":[{"count":5,"href":"https:\/\/k01.com.br\/10k\/wp-json\/wp\/v2\/posts\/519\/revisions"}],"predecessor-version":[{"id":536,"href":"https:\/\/k01.com.br\/10k\/wp-json\/wp\/v2\/posts\/519\/revisions\/536"}],"wp:featuredmedia":[{"embeddable":true,"href":"https:\/\/k01.com.br\/10k\/wp-json\/wp\/v2\/media\/517"}],"wp:attachment":[{"href":"https:\/\/k01.com.br\/10k\/wp-json\/wp\/v2\/media?parent=519"}],"wp:term":[{"taxonomy":"category","embeddable":true,"href":"https:\/\/k01.com.br\/10k\/wp-json\/wp\/v2\/categories?post=519"},{"taxonomy":"post_tag","embeddable":true,"href":"https:\/\/k01.com.br\/10k\/wp-json\/wp\/v2\/tags?post=519"}],"curies":[{"name":"wp","href":"https:\/\/api.w.org\/{rel}","templated":true}]}}