{"id":525,"date":"2024-03-09T12:01:54","date_gmt":"2024-03-09T15:01:54","guid":{"rendered":"https:\/\/k01.com.br\/10k\/?p=525"},"modified":"2024-03-10T20:05:07","modified_gmt":"2024-03-10T23:05:07","slug":"jardim-sensorial-ead-processo-arte-e-criatividade-2-danielle-carazzai","status":"publish","type":"post","link":"https:\/\/k01.com.br\/10k\/jardim-sensorial-ead-processo-arte-e-criatividade-2-danielle-carazzai\/","title":{"rendered":"JARDIM SENSORIAL EAD &#8211; Processo, arte e criatividade 2: Dani\u00e9lle Carazzai"},"content":{"rendered":"<p>Olhar com aten\u00e7\u00e3o, deixar nossa crian\u00e7a olhar pela janela e perguntar para.<br \/>\nela o que que ela t\u00e1 vendo. Processo, procedimento, maneira, m\u00e9todo.<br \/>\nempregado para se fazer alguma coisa. Oi oi, eu sou Nathan Mill\u00e9o Gualda. E eu sou Nathalia.<br \/>\nGarcia. Hoje vamos conversar com artista e jornalista Dani\u00e9lle Carazzai.<br \/>\numa pessoa muito importante aqui com a gente, a Dani\u00e9lle j\u00e1 teve muitos dos seus textos.<br \/>\npublicados em livros, revistas e jornais. Ela \u00e9 tamb\u00e9m uma artista aesthetic que trabalha com.<br \/>\ncer\u00e2mica e pinturas no Brasil e no outside. E agora em setembro ela vai lan\u00e7ar o primeiro livro.<br \/>\nde contos dela que chama &#8220;&#8221; Aqui Tudo \u00e9 Pouco&#8221;&#8221; pela Editora Arte-Letra.<\/p>\n<p><\/p>\n<p>Bom Dani, muito obrigada.<br \/>\npor estar aqui. Eu que agrade\u00e7o. Bem vinda. T\u00f4 bem feliz tamb\u00e9m. Pra come\u00e7ar eu queria.<br \/>\nmuito te perguntar um pouquinho da sua trajet\u00f3ria brevemente, mas basicamente como.<br \/>\nque come\u00e7ou esse seu interesse pelas suas, pelos seus of\u00edcios assim, na sua vida. Voc\u00ea teve.<br \/>\nalguma coisa no entorno da sua inf\u00e2ncia, enfim, o que que te estimulou \u00e9 para ir para esse lado.<br \/>\nmais criativo, art\u00edstico? Bom a escrita e as artes visuais para mim entraram em tempos diferentes,.<br \/>\na escrita me acompanha desde a inf\u00e2ncia, eu age uma crian\u00e7a muito quieta e adorava.<br \/>\nescrever e sempre escrevi, sempre li, ent\u00e3o dizem que  escritor s\u00f3 nasce depois que ele \u00e9.<br \/>\nleitor, n\u00e9? Ent\u00e3o eu ia muito e por isso tamb\u00e9m escrevia bastante. E as artes visuais entraram de.<br \/>\numa maneira inesperada, eu nunca fui bom em nada manualmente, eu nunca fiz arte. Mas eu adorava arte, eu ia a museus e tudo mais. E j\u00e1 na vida adulta, quando eu tinha 40 anos eu tirei f\u00e9rias, fui para o Uruguai e l\u00e1 eu entrei no museu que tava vazio chamado Torres Garcia e l\u00e1 tinha uma exposi\u00e7\u00e3o da Eva Dias Torres, que \u00e9 neta do Torres Garcia, que d\u00e1 nome ao museu e l\u00e1 tinha uma exposi\u00e7\u00e3o de cer\u00e2mica e tinha um.<br \/>\nv\u00eddeo super bacana dela fazendo a cer\u00e2mica com fogo, uma coisa maravilhosa, e eu fiquei l\u00e1 vendo.<br \/>\nEu vou fazer. Voc\u00ea fez cer\u00e2mica pela a primeira vez depois dos 40 anos Que maravilhosa! Sempre h\u00e1 tempo e deu certo.<br \/>\nNada. E a pintura tamb\u00e9m veio depois?<br \/>\nmeio junto com a cer\u00e2mica assim, porque no lugar onde eu estudava tamb\u00e9m tinha aula de pintura,.<br \/>\neu comecei a fazer as duas coisas meio juntas. E a\u00ed deu certo.Eu adorei<\/p>\n<p><\/p>\n<p>isso, olha vou pensar seriamente em come\u00e7ar a fazer c\u00earamica tamb\u00e9m, me aventurar em outras coisas. Apesar de voc\u00ea ter descoberto tarde, porque as vezes \u00e9 nosso tempo de descoberta, das nossas voca\u00e7\u00f5es, n\u00e3o s\u00e3o na inf\u00e2ncia, mas voc\u00ea.<br \/>\ntem que- eu acredito assim nessa predisposi\u00e7\u00e3o nessa voca\u00e7\u00e3o que eu acho que \u00e9 o que acontece.<br \/>\nno seu caso, por mais que \u00e0s vezes a gente demore para descobrir que a gente tem uma predisposi\u00e7\u00e3o.<br \/>\npor aquilo. As vezes a gente acha que n\u00e3o, n\u00e9? At\u00e9 porque n\u00e3o teve est\u00edmulo, ent\u00e3o eu acho amigo que.<br \/>\nse voc\u00ea n\u00e3o tiver talento &#8230; E a gente est\u00e1 sempre em movimento, n\u00e9? A gente t\u00e1 sempre se transformando.<br \/>\nDani\u00e9lle, eu queria trazer agora uma outra quest\u00e3o, a gente vive. A conectividade, o celular, o tempo r\u00e1pido, a produtividade acelerada. Ent\u00e3o a gente v\u00ea que as novas gera\u00e7\u00f5es, as gera\u00e7\u00f5es que est\u00e3o vindo elas s\u00e3o muito estimuladas por.<br \/>\ngera\u00e7\u00f5es pelo prazer da escrita, pelo prazer da leitura, pelo prazer do trabalho manual, que \u00e9 .<br \/>\noutro tempo. \u00c9 um pace que muitas dessas crian\u00e7as que est\u00e3o nascendo, elas n\u00e3o conhecem. Ent\u00e3o como.<br \/>\na gente mostra para ela o prazer e o quanto isso pode ser transformador na vida delas? Eu acho que.<br \/>\nmuito dessa transforma\u00e7\u00e3o \u00e9 esse pace que a gente est\u00e1 falando, que \u00e9 o tempo de criar o tempo de.<br \/>\npensar, de olhar para as coisas de uma outra forma, ele \u00e9 o pace da natureza, ele \u00e9 o pace natural.<br \/>\nda gente, ent\u00e3o eu quando fui morar- eu depois de  tempo eu fui morar numa \u00e1rea rural, ent\u00e3o.<br \/>\neu vivo na \u00e1rea country, eu planto minha comida, eu tenho uma rela\u00e7\u00e3o muito strong suit com a natureza, mas isso.<br \/>\naconteceu muito tarde na minha vida e eu percebo que hoje eu trabalho e eu me relaciono no pace.<br \/>\nda natureza.Quando \u00e9 inverno<\/p>\n<p><\/p>\n<p>eu t\u00f4 mais fechada, quando \u00e9 ver\u00e3o eu t\u00f4 mais aberta, eu crio mais. Quando. eu t\u00f4 mais introspectiva &#8230; ent\u00e3o eu, o meu tempo \u00e9 o pace das esta\u00e7\u00f5es, da natureza. E eu acho que.<br \/>\na crian\u00e7a estar em contato com a natureza e a gente estimular esse olhar dos tempos das coisas,.<br \/>\ncomo \u00e9 que as coisas acontecem como \u00e9 que a \u00e1rvore da fruto nessa esta\u00e7\u00e3o depois ela n\u00e3o d\u00e1.<br \/>\nmais, depois ela d\u00e1, voc\u00ea externalizar isso. Voc\u00ea estimular a crian\u00e7a a escrever, a pensar sobre.<br \/>\nisso, ontem at\u00e9 eu vi uma palestra muito legal uma fala do Rodrigo Ohtake, ele falando que o pai.<br \/>\ndele, quando ele period crian\u00e7a, o pai dele levava ele para passear, ele period muito pequeno,.<br \/>\ne falava assim &#8220;&#8221; Quanto \u00e9 que voc\u00ea acha que tem esse p\u00e9 direito?&#8221;&#8221; e ele crian\u00e7a, pequeno, falava.<br \/>\n&#8220;&#8221; Ah, n\u00e3o sei&#8221;&#8221;. Ele j\u00e1 tinha uma no\u00e7\u00e3o de propor\u00e7\u00e3o, porque o pai dele \u00e9 arquiteto e tudo mais, e a\u00ed ele o. pai dele ia conversando com ele &#8220;&#8221; Mas voc\u00ea gosta disso?&#8221; &#8220;&#8221; &#8220;Porque que voc\u00ea gosta daquilo?&#8221;&#8221; e ele ia.<br \/>\nestimulando ele a pensar, e ele conto que naquela \u00e9poca ele demorou muito tempo para entender porque que o.<br \/>\npai dele perguntava essas coisas para ele, e a\u00ed ele entendeu que o pai dele tava agu\u00e7ando a percep\u00e7\u00e3o.<br \/>\ndele sobre o mundo, que a gente tem que olhar para as coisas, olhar com aten\u00e7\u00e3o para todas as coisas.<br \/>\ndo mundo, sabe? E acho que \u00e9  pouco isso assim, a gente estimular as crian\u00e7as a olharem para.<br \/>\no mundo.O Ign\u00e1cio de<\/p>\n<p><\/p>\n<p><img src='null'><\/p>\n<p>Loyola Brand\u00e3o tamb\u00e9m me falou uma coisa muito interessante, que quando ele.<br \/>\ntrabalhava num jornal, ele perguntou para o Nelson Rodrigues como \u00e9 que ele tinha criatividade para.<br \/>\ntodo dia fazer uma cr\u00f4nica nova e ele falou &#8220;&#8221; \u00c9 s\u00f3 olhar pela janela&#8221;&#8221;. Ai que lindo! Ent\u00e3o s\u00e3o essas.<br \/>\ncoisas, eu acho que \u00e9 muita gente deixar nossa crian\u00e7a olhar pela janela e perguntar para ela.<br \/>\no que que ela t\u00e1 vendo, sabe? Eu acho que a gente n\u00e3o pode perder a intui\u00e7\u00e3o, sabe? Intui\u00e7\u00e3o \u00e9 uma.<br \/>\ncoisa very importante, porque a intui\u00e7\u00e3o que cada  de n\u00f3s tem, ela t\u00e1 baseada no repert\u00f3rio.<br \/>\nque a gente tem e tudo que a gente aprendeu, tudo que aconteceu na nossa vida.Quando a gente<\/p>\n<p>faz uma coisa intuitivamente, que voc\u00ea acha que \u00e9 intuitivo voc\u00ea t\u00e1 fazendo arte l\u00e1 e t\u00e1 fazendo  neg\u00f3cio.<br \/>\nque parece intuitivo, n\u00e3o \u00e9 s\u00f3 intui\u00e7\u00e3o que t\u00e1 l\u00e1, t\u00e1 l\u00e1 todo o teu conhecimento, tudo que voc\u00ea.<br \/>\naprendeu desde a escola, o que tua m\u00e3e te falou, o que voc\u00ea viu na rua, t\u00e1 tudo ali. Ent\u00e3o as vezes.<br \/>\n\u00e9 a arte ela n\u00e3o \u00e9 s\u00f3 o que voc\u00ea t\u00e1 construindo como conceito, a hist\u00f3ria que voc\u00ea t\u00e1 contando, \u00e9.<br \/>\ntamb\u00e9m a narrativa do mundo porque fazer arte \u00e9  documento do mundo, n\u00e9? \u00c9 um documento que.<br \/>\ndiz qual \u00e9 o seu pace e quais s\u00e3o as quest\u00f5es importantes do teu tempo, n\u00e9? Ent\u00e3o \u00e9 muito assim, a.<br \/>\narte ela diz para voc\u00ea, ela te incomoda de alguma maneira, ou voc\u00ea acha boa ou voc\u00ea acha ruim aquela.<br \/>\narte, mas de alguma forma ela provoca alguma coisa em voc\u00ea que ela te faz pensar, n\u00e9? Ent\u00e3o acho.<br \/>\nque \u00e9 muito importante a intui\u00e7\u00e3o assim, a gente deixar essa intui\u00e7\u00e3o viva desde a inf\u00e2ncia.<br \/>\nassim, eu acho que a intui\u00e7\u00e3o \u00e9 bem importante.Que lindo, Dani.<\/p>\n<p><\/p>\n<p>Arte como  documento do mundo, n\u00e9? Muito lindo. Quero agradecer muito a sua presen\u00e7a, todas essas essas quest\u00f5es, esses pensamentos que.<br \/>\nObrigada. \u00c9 eu quero uma c\u00f3pia j\u00e1.<br \/>\nboa sorte mesmo, parab\u00e9ns pela artista que voc\u00ea \u00e9. Muito obrigada. E bom pessoal se voc\u00eas quiserem ficar por dentro do.<br \/>\nque a gente vem fazendo, \u00e9 s\u00f3 acompanhar nossas redes sociais @montenegroproducoes e no pr\u00f3ximo epis\u00f3dio voc\u00eas.<br \/>\nv\u00e3o acompanhar  papo sobre o l\u00fadico com a Am\u00e1bile Marton,.<br \/>\nespero voc\u00eas l\u00e1.At\u00e9 mais<\/p>\n<p><\/p>\n<p>! At\u00e9 l\u00e1!.<\/p>\n<p><a href=\"https:\/\/www.youtube.com\/watch?v=9_bgvsyDBSw\" target=\"_blank\" rel=\"noopener\">Texto inspirado em publica\u00e7\u00e3o no YouTube.<\/a><\/p>\n<p><a href='https:\/\/linktr.ee\/massareto'>Saiba Muito Mais, com Humberto Massareto<\/a><\/p>\n","protected":false},"excerpt":{"rendered":"<p>Olhar com aten\u00e7\u00e3o, deixar nossa crian\u00e7a olhar pela janela e perguntar para. ela o que que ela t\u00e1 vendo. Processo, procedimento, maneira, m\u00e9todo. empregado para se fazer alguma coisa. Oi oi, eu sou Nathan Mill\u00e9o Gualda. E eu sou Nathalia. Garcia. Hoje vamos conversar com &hellip; <\/p>\n","protected":false},"author":1,"featured_media":524,"comment_status":"open","ping_status":"open","sticky":false,"template":"","format":"standard","meta":{"_jetpack_memberships_contains_paid_content":false,"_joinchat":[],"footnotes":"","_wpscppro_custom_social_share_image":0,"_facebook_share_type":"","_twitter_share_type":"","_linkedin_share_type":"","_pinterest_share_type":"","_linkedin_share_type_page":"","_instagram_share_type":"","_medium_share_type":"","_threads_share_type":"","_selected_social_profile":[]},"categories":[42],"tags":[],"class_list":["post-525","post","type-post","status-publish","format-standard","has-post-thumbnail","hentry","category-linkedin"],"jetpack_featured_media_url":"https:\/\/k01.com.br\/10k\/wp-content\/uploads\/2024\/03\/rootF_IMG_65ec4fef71dac.jpg","jetpack_sharing_enabled":true,"_links":{"self":[{"href":"https:\/\/k01.com.br\/10k\/wp-json\/wp\/v2\/posts\/525","targetHints":{"allow":["GET"]}}],"collection":[{"href":"https:\/\/k01.com.br\/10k\/wp-json\/wp\/v2\/posts"}],"about":[{"href":"https:\/\/k01.com.br\/10k\/wp-json\/wp\/v2\/types\/post"}],"author":[{"embeddable":true,"href":"https:\/\/k01.com.br\/10k\/wp-json\/wp\/v2\/users\/1"}],"replies":[{"embeddable":true,"href":"https:\/\/k01.com.br\/10k\/wp-json\/wp\/v2\/comments?post=525"}],"version-history":[{"count":1,"href":"https:\/\/k01.com.br\/10k\/wp-json\/wp\/v2\/posts\/525\/revisions"}],"predecessor-version":[{"id":527,"href":"https:\/\/k01.com.br\/10k\/wp-json\/wp\/v2\/posts\/525\/revisions\/527"}],"wp:featuredmedia":[{"embeddable":true,"href":"https:\/\/k01.com.br\/10k\/wp-json\/wp\/v2\/media\/524"}],"wp:attachment":[{"href":"https:\/\/k01.com.br\/10k\/wp-json\/wp\/v2\/media?parent=525"}],"wp:term":[{"taxonomy":"category","embeddable":true,"href":"https:\/\/k01.com.br\/10k\/wp-json\/wp\/v2\/categories?post=525"},{"taxonomy":"post_tag","embeddable":true,"href":"https:\/\/k01.com.br\/10k\/wp-json\/wp\/v2\/tags?post=525"}],"curies":[{"name":"wp","href":"https:\/\/api.w.org\/{rel}","templated":true}]}}