{"id":669,"date":"2024-03-18T08:47:43","date_gmt":"2024-03-18T11:47:43","guid":{"rendered":"https:\/\/k01.com.br\/10k\/?p=669"},"modified":"2024-03-18T08:57:26","modified_gmt":"2024-03-18T11:57:26","slug":"um-video-que-pode-mudar-a-sua-forma-de-pensar-reflexoes-da-dra-ana-beatriz-barbosa","status":"publish","type":"post","link":"https:\/\/k01.com.br\/10k\/um-video-que-pode-mudar-a-sua-forma-de-pensar-reflexoes-da-dra-ana-beatriz-barbosa\/","title":{"rendered":"Um v\u00eddeo que pode mudar a sua forma de pensar: Reflex\u00f5es da Dra. Ana Beatriz Barbosa"},"content":{"rendered":"<p>Segue um resumo objetivo deste v\u00eddeo, em minha opini\u00e3o, bastante interessante.<\/p><p>Se preferir, siga para a parte final desta publica\u00e7\u00e3o e confira os 20 destaques do v\u00eddeo que anotei. <\/p><p>Neste motivacional discurso da Dra. Ana Beatriz Barbosa, ela explora a ess\u00eancia da sa\u00fade mental e a import\u00e2ncia do autoconhecimento e conhecimento. A Dra. Ana Beatriz come\u00e7a destacando a ideia de que a sa\u00fade mental vai al\u00e9m da aus\u00eancia de transtornos; ela \u00e9 constru\u00edda pelo conhecimento de si mesmo e pelo entendimento do mundo ao nosso redor. Com refer\u00eancias \u00e0 crescente epidemia de depress\u00e3o e ansiedade no Brasil e no mundo, ela sublinha a necessidade urgente de abordar essas quest\u00f5es com seriedade e dedica\u00e7\u00e3o.<\/p><p>Um dos pontos cruciais abordados \u00e9 a pandemia silenciosa de depress\u00e3o e suic\u00eddio, que precedeu a pandemia de COVID-19, demonstrando que problemas de sa\u00fade mental j\u00e1 eram uma crise global antes dos eventos recentes. Ela cita estat\u00edsticas alarmantes, como um suic\u00eddio a cada 40 segundos no mundo, enfatizando a gravidade da situa\u00e7\u00e3o.<\/p><p>Al\u00e9m disso, a palestra mergulha na distin\u00e7\u00e3o entre ser humano e ser um ser humano, real\u00e7ando que a segunda condi\u00e7\u00e3o requer a pr\u00e1tica de valores e virtudes, al\u00e9m do uso da sabedoria para uma vida com prop\u00f3sito e sentido. Ela argumenta que todos possu\u00edmos &#8220;cola&#8221; inata, ou talentos, que, se reconhecidos e cultivados, nos orientam para cumprir nossos prop\u00f3sitos e alcan\u00e7ar a autenticidade.<\/p><p>Interessantemente, a Dra. Ana Beatriz discute a diferen\u00e7a entre autoestima e ego, mencionando que a verdadeira autoestima adv\u00e9m do reconhecimento e da valoriza\u00e7\u00e3o dos nossos talentos e virtudes, enquanto o ego pode levar a uma busca desenfreada por aprova\u00e7\u00e3o externa.<\/p><p>Ela tamb\u00e9m aborda a tem\u00e1tica da competitividade exacerbada na sociedade moderna, que muitas vezes mina a colabora\u00e7\u00e3o e a coexist\u00eancia harmoniosa entre as pessoas. Este ponto \u00e9 essencial, pois sugere que a reconex\u00e3o com valores fundamentais e o foco em ser melhores para n\u00f3s mesmos e para os outros podem levar a uma sociedade mais saud\u00e1vel e equilibrada.<\/p><p>A reflex\u00e3o sobre a import\u00e2ncia da verdade e da honestidade nas rela\u00e7\u00f5es interpessoais \u00e9 outro tema importante. A Dra. Ana Beatriz critica a tend\u00eancia das pessoas de evitar a confronta\u00e7\u00e3o direta e a sinceridade, o que pode levar a mal-entendidos e rela\u00e7\u00f5es superficiais.<\/p><p>Finalmente, o discurso conclui com uma nota de otimismo, encorajando os ouvintes a abra\u00e7arem seus talentos, a buscarem autoconhecimento e a viverem uma vida com prop\u00f3sito, servindo n\u00e3o apenas a si mesmos mas tamb\u00e9m \u00e0 comunidade ao redor.<\/p><p>Este resumo captura a ess\u00eancia da palestra da Dra. Ana Beatriz Barbosa, oferecendo insights profundos sobre sa\u00fade mental, a import\u00e2ncia da autenticidade, e como o conhecimento de si e dos outros pode levar a uma vida mais plena e significativa.<\/p><p><strong>20 Destaques do V\u00eddeo<\/strong><\/p><ol class=\"wp-block-list\"><li>\ud83d\udca1 <strong>A import\u00e2ncia do autoconhecimento:<\/strong> Para alcan\u00e7ar uma verdadeira sa\u00fade mental, \u00e9 crucial ter conhecimento e autoconhecimento, reconhecendo que s\u00f3 podemos expandir nosso universo atrav\u00e9s do aprendizado.<\/li>\n\n<li>\ud83c\udf0d <strong>Pandemia silenciosa da sa\u00fade mental:<\/strong> Antes mesmo da COVID-19, enfrent\u00e1vamos uma crise de sa\u00fade mental global, com a depress\u00e3o e o suic\u00eddio sendo focos principais de preocupa\u00e7\u00e3o desde 2016.<\/li>\n\n<li>\ud83c\udfad <strong>Ansiedade e seus transtornos:<\/strong> A maioria dos transtornos mentais est\u00e1 ligada \u00e0 ansiedade, abrangendo uma ampla gama de condi\u00e7\u00f5es, desde a ansiedade generalizada at\u00e9 o transtorno de estresse p\u00f3s-traum\u00e1tico.<\/li>\n\n<li>\ud83d\ude80 <strong>Ser humano versus humano:<\/strong> Nascer humano \u00e9 uma condi\u00e7\u00e3o biol\u00f3gica; tornar-se um &#8220;ser humano&#8221; requer a pr\u00e1tica de valores e virtudes, al\u00e9m de usar a sabedoria para melhorar tanto a si mesmo quanto aos outros.<\/li>\n\n<li>\ud83c\udf1f <strong>Talento e prop\u00f3sito de vida:<\/strong> Todos nascem com talentos \u00fanicos, que devem ser reconhecidos e cultivados para encontrar o sentido da vida e formar um prop\u00f3sito, beneficiando n\u00e3o apenas a si mesmo, mas tamb\u00e9m \u00e0 sociedade.<\/li>\n\n<li>\ud83e\udd1d <strong>O poder da colabora\u00e7\u00e3o sobre a competi\u00e7\u00e3o:<\/strong> A hist\u00f3ria da humanidade mostra que nosso sucesso como esp\u00e9cie deve-se \u00e0 colabora\u00e7\u00e3o, e n\u00e3o \u00e0 competi\u00e7\u00e3o.<\/li>\n\n<li>\ud83d\udcc8 <strong>Aumento dos transtornos mentais no Brasil:<\/strong> Houve um aumento significativo nos casos de depress\u00e3o e transtornos ansiosos no pa\u00eds, refletindo a necessidade urgente de abordar a sa\u00fade mental.<\/li>\n\n<li>\ud83e\udde0 <strong>Complexidade da fobia social:<\/strong> A fobia social vai al\u00e9m da simples timidez, impactando significativamente a capacidade de intera\u00e7\u00e3o social daqueles que sofrem com ela.<\/li>\n\n<li>\ud83d\udee0\ufe0f <strong>Tratamento e supera\u00e7\u00e3o de transtornos mentais:<\/strong> A maioria dos transtornos mentais tem tratamento, enfatizando a import\u00e2ncia da conscientiza\u00e7\u00e3o e do acesso \u00e0 ajuda profissional.<\/li>\n\n<li>\ud83c\udf31 <strong>Crescimento pessoal atrav\u00e9s do autoconhecimento:<\/strong> Entender quem somos, nossos pontos fortes e fracos, e o que nos d\u00e1 sentido \u00e9 crucial para o desenvolvimento pessoal e profissional.<\/li>\n\n<li>\ud83d\udcbc <strong>Impacto dos transtornos ansiosos no trabalho:<\/strong> A ansiedade pode afetar profundamente a performance no ambiente de trabalho, ilustrando a necessidade de abordagens adequadas para lidar com ela.<\/li>\n\n<li>\ud83c\udf93 <strong>Educa\u00e7\u00e3o e sa\u00fade mental:<\/strong> A educa\u00e7\u00e3o desempenha um papel fundamental na promo\u00e7\u00e3o da sa\u00fade mental, desde a inf\u00e2ncia at\u00e9 a idade adulta.<\/li>\n\n<li>\ud83d\udc65 <strong>Rela\u00e7\u00f5es humanas e sa\u00fade mental:<\/strong> A qualidade de nossas rela\u00e7\u00f5es interpessoais tem um impacto direto no nosso bem-estar psicol\u00f3gico e na nossa capacidade de lidar com transtornos mentais.<\/li>\n\n<li>\ud83d\udd04 <strong>O ciclo de aprendizado e autoaperfei\u00e7oamento:<\/strong> A jornada de autoconhecimento e crescimento \u00e9 cont\u00ednua, exigindo um compromisso constante com o aprendizado e a auto-reflex\u00e3o.<\/li>\n\n<li>\ud83e\uddd0 <strong>Desafios na educa\u00e7\u00e3o sobre sa\u00fade mental:<\/strong> Existe uma necessidade de abordagens inovadoras e eficazes na educa\u00e7\u00e3o para enfrentar os crescentes desafios de sa\u00fade mental.<\/li>\n\n<li>\ud83c\udfa8 <strong>A arte como ferramenta terap\u00eautica:<\/strong> Atividades criativas, como a arte, podem oferecer v\u00e1lvulas de escape importantes e m\u00e9todos terap\u00eauticos eficazes para lidar com transtornos mentais.<\/li>\n\n<li>\u2696\ufe0f <strong>Equil\u00edbrio entre trabalho e vida pessoal:<\/strong> A busca por um equil\u00edbrio saud\u00e1vel entre as demandas profissionais e as necessidades pessoais \u00e9 crucial para a manuten\u00e7\u00e3o da sa\u00fade mental.<\/li>\n\n<li>\ud83c\udf10 <strong>Impacto das redes sociais na percep\u00e7\u00e3o de si mesmo:<\/strong> As redes sociais podem ter um impacto significativo na nossa autoimagem e na maneira como nos comparamos com os outros, afetando nossa sa\u00fade mental.<\/li>\n\n<li>\ud83d\udcda <strong>A import\u00e2ncia da literatura e do conhecimento:<\/strong> O acesso \u00e0 literatura e ao conhecimento amplo pode enriquecer nossa compreens\u00e3o do mundo e de n\u00f3s mesmos, promovendo uma sa\u00fade mental melhor.<\/li>\n\n<li>\ud83c\udf08 <strong>A busca pela felicidade e seu significado:<\/strong> A felicidade n\u00e3o \u00e9 um estado permanente ou um destino final, mas sim um processo cont\u00ednuo de busca por significado e satisfa\u00e7\u00e3o na vida.<\/li><\/ol><p><a href=\"https:\/\/www.youtube.com\/watch?v=e7Fxe2IFJuo\" target=\"_blank\" rel=\"noreferrer noopener\">Texto inspirado em publica\u00e7\u00e3o no YouTube<\/a><\/p><p><a href=\"https:\/\/k01.com.br\/10k\/category\/linkedin\/\">Saiba Muito Mais, com Humberto Massareto<\/a><\/p><p><\/p>","protected":false},"excerpt":{"rendered":"<p>Segue um resumo objetivo deste v\u00eddeo, em minha opini\u00e3o, bastante interessante. Se preferir, siga para a parte final desta publica\u00e7\u00e3o e confira os 20 destaques do v\u00eddeo que anotei. Neste motivacional discurso da Dra. Ana Beatriz Barbosa, ela explora a ess\u00eancia da sa\u00fade mental e &hellip; <\/p>\n","protected":false},"author":1,"featured_media":670,"comment_status":"open","ping_status":"open","sticky":false,"template":"","format":"standard","meta":{"_jetpack_memberships_contains_paid_content":false,"_joinchat":[],"footnotes":"","_wpscppro_custom_social_share_image":0,"_facebook_share_type":"","_twitter_share_type":"","_linkedin_share_type":"","_pinterest_share_type":"","_linkedin_share_type_page":"","_instagram_share_type":"","_medium_share_type":"","_threads_share_type":"","_selected_social_profile":[]},"categories":[42],"tags":[],"class_list":["post-669","post","type-post","status-publish","format-standard","has-post-thumbnail","hentry","category-linkedin"],"jetpack_featured_media_url":"https:\/\/k01.com.br\/10k\/wp-content\/uploads\/2024\/03\/post_18_03_2024.jpg","jetpack_sharing_enabled":true,"_links":{"self":[{"href":"https:\/\/k01.com.br\/10k\/wp-json\/wp\/v2\/posts\/669","targetHints":{"allow":["GET"]}}],"collection":[{"href":"https:\/\/k01.com.br\/10k\/wp-json\/wp\/v2\/posts"}],"about":[{"href":"https:\/\/k01.com.br\/10k\/wp-json\/wp\/v2\/types\/post"}],"author":[{"embeddable":true,"href":"https:\/\/k01.com.br\/10k\/wp-json\/wp\/v2\/users\/1"}],"replies":[{"embeddable":true,"href":"https:\/\/k01.com.br\/10k\/wp-json\/wp\/v2\/comments?post=669"}],"version-history":[{"count":2,"href":"https:\/\/k01.com.br\/10k\/wp-json\/wp\/v2\/posts\/669\/revisions"}],"predecessor-version":[{"id":673,"href":"https:\/\/k01.com.br\/10k\/wp-json\/wp\/v2\/posts\/669\/revisions\/673"}],"wp:featuredmedia":[{"embeddable":true,"href":"https:\/\/k01.com.br\/10k\/wp-json\/wp\/v2\/media\/670"}],"wp:attachment":[{"href":"https:\/\/k01.com.br\/10k\/wp-json\/wp\/v2\/media?parent=669"}],"wp:term":[{"taxonomy":"category","embeddable":true,"href":"https:\/\/k01.com.br\/10k\/wp-json\/wp\/v2\/categories?post=669"},{"taxonomy":"post_tag","embeddable":true,"href":"https:\/\/k01.com.br\/10k\/wp-json\/wp\/v2\/tags?post=669"}],"curies":[{"name":"wp","href":"https:\/\/api.w.org\/{rel}","templated":true}]}}