{"id":728,"date":"2024-03-19T18:48:00","date_gmt":"2024-03-19T21:48:00","guid":{"rendered":"https:\/\/k01.com.br\/10k\/?p=728"},"modified":"2024-03-19T18:49:04","modified_gmt":"2024-03-19T21:49:04","slug":"capitulo-3-as-geracoes-e-o-jeito-de-ser-de-cada-uma","status":"publish","type":"post","link":"https:\/\/k01.com.br\/10k\/capitulo-3-as-geracoes-e-o-jeito-de-ser-de-cada-uma\/","title":{"rendered":"Cap\u00edtulo 3: As gera\u00e7\u00f5es e o jeito de ser de cada uma"},"content":{"rendered":"<p>No cap\u00edtulo 2, foi mapeada a evolu\u00e7\u00e3o da liberdade de comportamento, a facilidade ou n\u00e3o de se posicionar na vida e as rela\u00e7\u00f5es no decorrer dos tempos. H\u00e1 uma outra forma de olhar o Ser Humano individualmente em seu modo de pensar, sentir e agir.<\/p>\n<p>Embora haja padr\u00f5es de comportamento em cada gera\u00e7\u00e3o, n\u00e3o se pode garantir que todas as pessoas agir\u00e3o da mesma forma que os demais da sua \u00e9poca, mas \u00e9 poss\u00edvel afirmar que independentemente da idade ou gera\u00e7\u00e3o, existem alguns comportamentos que s\u00e3o padr\u00f5es na forma de pensar, sentir e agir.<\/p>\n<p>Esmiu\u00e7ando um pouco mais sobre esses comportamentos: cada pessoa capta as informa\u00e7\u00f5es da forma que faz mais sentido para ela, com base em 3 princ\u00edpios fundamentais que formam a tr\u00edade: pensamento, sentimento e a\u00e7\u00e3o.<\/p>\n<p>Esses princ\u00edpios s\u00e3o a base de como o ser humano funciona e n\u00e3o muda com o tempo, n\u00e3o tem rela\u00e7\u00e3o com ra\u00e7a, idade, g\u00eanero ou pa\u00eds em que vive.<\/p>\n<p>Dependendo de como a pessoa percebe o que est\u00e1 acontecendo com ela ou ao seu redor, ela ter\u00e1 uma rea\u00e7\u00e3o que \u00e9 fruto de seu processo interno, ou seja, de como ela entende o que se passa e responder\u00e1 de uma das 3 formas: racional, emocional ou tomar\u00e1 uma atitude imediata em rela\u00e7\u00e3o ao ocorrido.<\/p>\n<p>Isso se refere \u00e0s din\u00e2micas pessoais de como o ser humano interpreta as informa\u00e7\u00f5es que chegam e como a processa, isto \u00e9, como responde a cada situa\u00e7\u00e3o que vivencia.<\/p>\n","protected":false},"excerpt":{"rendered":"<p>No cap\u00edtulo 2, foi mapeada a evolu\u00e7\u00e3o da liberdade de comportamento, a facilidade ou n\u00e3o de se posicionar na vida e as rela\u00e7\u00f5es no decorrer dos tempos. H\u00e1 uma outra forma de olhar o Ser Humano individualmente em seu modo de pensar, sentir e agir. &hellip; <\/p>\n","protected":false},"author":1,"featured_media":0,"comment_status":"open","ping_status":"open","sticky":false,"template":"","format":"standard","meta":{"_jetpack_memberships_contains_paid_content":false,"_joinchat":[],"footnotes":"","_wpscppro_custom_social_share_image":0,"_facebook_share_type":"","_twitter_share_type":"","_linkedin_share_type":"","_pinterest_share_type":"","_linkedin_share_type_page":"","_instagram_share_type":"","_medium_share_type":"","_threads_share_type":"","_selected_social_profile":[]},"categories":[25],"tags":[],"class_list":["post-728","post","type-post","status-publish","format-standard","hentry","category-qcc24"],"jetpack_featured_media_url":"","jetpack_sharing_enabled":true,"_links":{"self":[{"href":"https:\/\/k01.com.br\/10k\/wp-json\/wp\/v2\/posts\/728","targetHints":{"allow":["GET"]}}],"collection":[{"href":"https:\/\/k01.com.br\/10k\/wp-json\/wp\/v2\/posts"}],"about":[{"href":"https:\/\/k01.com.br\/10k\/wp-json\/wp\/v2\/types\/post"}],"author":[{"embeddable":true,"href":"https:\/\/k01.com.br\/10k\/wp-json\/wp\/v2\/users\/1"}],"replies":[{"embeddable":true,"href":"https:\/\/k01.com.br\/10k\/wp-json\/wp\/v2\/comments?post=728"}],"version-history":[{"count":1,"href":"https:\/\/k01.com.br\/10k\/wp-json\/wp\/v2\/posts\/728\/revisions"}],"predecessor-version":[{"id":732,"href":"https:\/\/k01.com.br\/10k\/wp-json\/wp\/v2\/posts\/728\/revisions\/732"}],"wp:attachment":[{"href":"https:\/\/k01.com.br\/10k\/wp-json\/wp\/v2\/media?parent=728"}],"wp:term":[{"taxonomy":"category","embeddable":true,"href":"https:\/\/k01.com.br\/10k\/wp-json\/wp\/v2\/categories?post=728"},{"taxonomy":"post_tag","embeddable":true,"href":"https:\/\/k01.com.br\/10k\/wp-json\/wp\/v2\/tags?post=728"}],"curies":[{"name":"wp","href":"https:\/\/api.w.org\/{rel}","templated":true}]}}