{"id":870,"date":"2024-04-01T09:26:52","date_gmt":"2024-04-01T12:26:52","guid":{"rendered":"https:\/\/k01.com.br\/10k\/?p=870"},"modified":"2024-04-02T07:02:40","modified_gmt":"2024-04-02T10:02:40","slug":"professional-communication-skills-business-communication-pro","status":"publish","type":"post","link":"https:\/\/k01.com.br\/10k\/professional-communication-skills-business-communication-pro\/","title":{"rendered":"A Arte da Comunica\u00e7\u00e3o no Ambiente de Trabalho"},"content":{"rendered":"<p>A comunica\u00e7\u00e3o eficaz \u00e9 uma ferramenta imprescind\u00edvel no arsenal de qualquer profissional que aspire ao sucesso em sua carreira. Esse dom\u00ednio vai al\u00e9m do simples ato de falar ou escrever, englobando uma ampla gama de habilidades interpessoais que, quando aprimoradas, podem distinguir um indiv\u00edduo no ambiente corporativo. Entre essas habilidades, a linguagem corporal ocupa um papel de destaque, transmitindo, muitas vezes de forma inconsciente, mensagens que complementam ou, em alguns casos, contradizem o que \u00e9 verbalizado. O dom\u00ednio da comunica\u00e7\u00e3o n\u00e3o verbal, portanto, emerge como um elemento diferenciador.<\/p>\n<p>Al\u00e9m disso, a gest\u00e3o do nervosismo antes e durante intera\u00e7\u00f5es significativas revela-se como um aspecto fundamental. T\u00e9cnicas de respira\u00e7\u00e3o profunda, visualiza\u00e7\u00e3o positiva e medita\u00e7\u00e3o surgem como m\u00e9todos efetivos para calibrar a mente e o corpo, preparando o profissional para uma comunica\u00e7\u00e3o clara e sem ru\u00eddos. Essas pr\u00e1ticas contribuem para a redu\u00e7\u00e3o da ansiedade e o aumento da confian\u00e7a, elementos essenciais para uma comunica\u00e7\u00e3o impactante.<\/p>\n<p><img decoding=\"async\" src=\"https:\/\/images.pexels.com\/photos\/5302891\/pexels-photo-5302891.jpeg?auto=compress&amp;cs=tinysrgb&amp;h=650&amp;w=940\" \/><\/p>\n<p>Outro ponto vital \u00e9 a habilidade de transformar desafios em oportunidades atrav\u00e9s de uma comunica\u00e7\u00e3o orientada para a solu\u00e7\u00e3o, focando no que pode ser feito em vez de se deter nos obst\u00e1culos. Esse enfoque positivo n\u00e3o somente eleva a percep\u00e7\u00e3o de compet\u00eancia e proatividade por parte dos outros, mas tamb\u00e9m incentiva a busca por solu\u00e7\u00f5es criativas e eficazes. Da mesma forma, a escuta ativa se apresenta como uma compet\u00eancia crucial, permitindo uma compreens\u00e3o mais aprofundada das necessidades e expectativas alheias, e estabelecendo uma via de m\u00e3o dupla no processo comunicativo.<\/p>\n<p>Por fim, a efici\u00eancia na comunica\u00e7\u00e3o escrita, particularmente em e-mails, n\u00e3o pode ser subestimada. A clareza, concis\u00e3o e a corre\u00e7\u00e3o gramatical s\u00e3o aspectos que refletem a imagem profissional do emissor, influenciando diretamente na efic\u00e1cia da mensagem transmitida. Assim, a comunica\u00e7\u00e3o profissional abrange uma s\u00e9rie de habilidades e pr\u00e1ticas que, quando bem desenvolvidas e aplicadas, t\u00eam o poder de elevar significativamente o desempenho individual e coletivo dentro do ambiente de trabalho.<\/p>\n<p>At\u00e9 mais.<\/p>\n<p><a href=\"https:\/\/www.youtube.com\/watch?v=WESGDi_ajUU\" target=\"_blank\" rel=\"noopener\">Texto inspirado em publica\u00e7\u00e3o no YouTube.<\/a><\/p>\n<p><a href=\"https:\/\/k01.com.br\/10k\/category\/linkedin\/\">Saiba Muito Mais, com Humberto Massareto<\/a><\/p>\n","protected":false},"excerpt":{"rendered":"<p>A comunica\u00e7\u00e3o eficaz \u00e9 uma ferramenta imprescind\u00edvel no arsenal de qualquer profissional que aspire ao sucesso em sua carreira. Esse dom\u00ednio vai al\u00e9m do simples ato de falar ou escrever, englobando uma ampla gama de habilidades interpessoais que, quando aprimoradas, podem distinguir um indiv\u00edduo no &hellip; <\/p>\n","protected":false},"author":1,"featured_media":869,"comment_status":"open","ping_status":"open","sticky":false,"template":"","format":"standard","meta":{"_jetpack_memberships_contains_paid_content":false,"_joinchat":[],"footnotes":"","_wpscppro_custom_social_share_image":0,"_facebook_share_type":"","_twitter_share_type":"","_linkedin_share_type":"","_pinterest_share_type":"","_linkedin_share_type_page":"","_instagram_share_type":"","_medium_share_type":"","_threads_share_type":"","_selected_social_profile":[]},"categories":[42],"tags":[],"class_list":["post-870","post","type-post","status-publish","format-standard","has-post-thumbnail","hentry","category-linkedin"],"jetpack_featured_media_url":"https:\/\/k01.com.br\/10k\/wp-content\/uploads\/2024\/04\/rootF_IMG_660a7dfe83309.jpg","jetpack_sharing_enabled":true,"_links":{"self":[{"href":"https:\/\/k01.com.br\/10k\/wp-json\/wp\/v2\/posts\/870","targetHints":{"allow":["GET"]}}],"collection":[{"href":"https:\/\/k01.com.br\/10k\/wp-json\/wp\/v2\/posts"}],"about":[{"href":"https:\/\/k01.com.br\/10k\/wp-json\/wp\/v2\/types\/post"}],"author":[{"embeddable":true,"href":"https:\/\/k01.com.br\/10k\/wp-json\/wp\/v2\/users\/1"}],"replies":[{"embeddable":true,"href":"https:\/\/k01.com.br\/10k\/wp-json\/wp\/v2\/comments?post=870"}],"version-history":[{"count":2,"href":"https:\/\/k01.com.br\/10k\/wp-json\/wp\/v2\/posts\/870\/revisions"}],"predecessor-version":[{"id":880,"href":"https:\/\/k01.com.br\/10k\/wp-json\/wp\/v2\/posts\/870\/revisions\/880"}],"wp:featuredmedia":[{"embeddable":true,"href":"https:\/\/k01.com.br\/10k\/wp-json\/wp\/v2\/media\/869"}],"wp:attachment":[{"href":"https:\/\/k01.com.br\/10k\/wp-json\/wp\/v2\/media?parent=870"}],"wp:term":[{"taxonomy":"category","embeddable":true,"href":"https:\/\/k01.com.br\/10k\/wp-json\/wp\/v2\/categories?post=870"},{"taxonomy":"post_tag","embeddable":true,"href":"https:\/\/k01.com.br\/10k\/wp-json\/wp\/v2\/tags?post=870"}],"curies":[{"name":"wp","href":"https:\/\/api.w.org\/{rel}","templated":true}]}}