{"id":141844,"date":"2019-07-10T03:01:11","date_gmt":"2019-07-10T06:01:11","guid":{"rendered":"https:\/\/k01.com.br\/index.php\/2019\/07\/10\/agencia-de-economia-criativa-inicia-atividades-culturais-na-zona-leste-de-manaus\/"},"modified":"2019-07-10T03:01:11","modified_gmt":"2019-07-10T06:01:11","slug":"agencia-de-economia-criativa-inicia-atividades-culturais-na-zona-leste-de-manaus","status":"publish","type":"post","link":"https:\/\/k01.com.br\/index.php\/2019\/07\/10\/agencia-de-economia-criativa-inicia-atividades-culturais-na-zona-leste-de-manaus\/","title":{"rendered":"Ag\u00eancia de Economia <b>Criativa<\/b> inicia atividades culturais na zona Leste de Manaus"},"content":{"rendered":"<div>Manaus\/Am &#8211; Pais e m\u00e3es que moram na zona leste de Manaus t\u00eam at\u00e9 o pr\u00f3ximo dia 21 de julho uma op\u00e7\u00e3o de lazer diferenciada para os seus\u00a0&#8230;<\/div>\n<p class=\"wpematico_credit\"><small>Powered by <a href=\"http:\/\/www.wpematico.com\" target=\"_blank\" rel=\"noopener noreferrer\">WPeMatico<\/a><\/small><\/p>","protected":false},"excerpt":{"rendered":"<p>Manaus\/Am &#8211; Pais e m\u00e3es que moram na zona leste de Manaus t\u00eam at\u00e9 o pr\u00f3ximo dia 21 de julho uma op\u00e7\u00e3o de lazer diferenciada para os seus\u00a0&#8230; Powered by WPeMatico<\/p>","protected":false},"author":1,"featured_media":0,"comment_status":"registered_only","ping_status":"closed","sticky":false,"template":"","format":"standard","meta":{"__cvm_playback_settings":[],"__cvm_video_id":"","jetpack_post_was_ever_published":false,"_jetpack_newsletter_access":"","_jetpack_dont_email_post_to_subs":false,"_jetpack_newsletter_tier_id":0,"_jetpack_memberships_contains_paywalled_content":false,"_jetpack_memberships_contains_paid_content":false,"footnotes":""},"categories":[27],"tags":[],"class_list":["post-141844","post","type-post","status-publish","format-standard","hentry","category-google-news-rss-feed-url-deprecation"],"jetpack_featured_media_url":"","jetpack_sharing_enabled":true,"jetpack_shortlink":"https:\/\/wp.me\/p7fKy0-ATO","jetpack-related-posts":[],"jetpack_likes_enabled":false,"_links":{"self":[{"href":"https:\/\/k01.com.br\/index.php\/wp-json\/wp\/v2\/posts\/141844","targetHints":{"allow":["GET"]}}],"collection":[{"href":"https:\/\/k01.com.br\/index.php\/wp-json\/wp\/v2\/posts"}],"about":[{"href":"https:\/\/k01.com.br\/index.php\/wp-json\/wp\/v2\/types\/post"}],"author":[{"embeddable":true,"href":"https:\/\/k01.com.br\/index.php\/wp-json\/wp\/v2\/users\/1"}],"replies":[{"embeddable":true,"href":"https:\/\/k01.com.br\/index.php\/wp-json\/wp\/v2\/comments?post=141844"}],"version-history":[{"count":0,"href":"https:\/\/k01.com.br\/index.php\/wp-json\/wp\/v2\/posts\/141844\/revisions"}],"wp:attachment":[{"href":"https:\/\/k01.com.br\/index.php\/wp-json\/wp\/v2\/media?parent=141844"}],"wp:term":[{"taxonomy":"category","embeddable":true,"href":"https:\/\/k01.com.br\/index.php\/wp-json\/wp\/v2\/categories?post=141844"},{"taxonomy":"post_tag","embeddable":true,"href":"https:\/\/k01.com.br\/index.php\/wp-json\/wp\/v2\/tags?post=141844"}],"curies":[{"name":"wp","href":"https:\/\/api.w.org\/{rel}","templated":true}]}}