{"id":261126,"date":"2020-08-29T03:03:10","date_gmt":"2020-08-29T06:03:10","guid":{"rendered":"https:\/\/k01.com.br\/index.php\/2020\/08\/29\/ministro-jorge-mussi-toma-posse-como-corregedor-geral-da-justica-federal-e-promete-incentivo-a\/"},"modified":"2020-08-29T03:03:10","modified_gmt":"2020-08-29T06:03:10","slug":"ministro-jorge-mussi-toma-posse-como-corregedor-geral-da-justica-federal-e-promete-incentivo-a","status":"publish","type":"post","link":"https:\/\/k01.com.br\/index.php\/2020\/08\/29\/ministro-jorge-mussi-toma-posse-como-corregedor-geral-da-justica-federal-e-promete-incentivo-a\/","title":{"rendered":"Ministro Jorge Mussi toma posse como corregedor-geral da Justi\u00e7a Federal e promete incentivo \u00e0 &#8230;"},"content":{"rendered":"<div>Gest\u00e3o <b>criativa<\/b>. Jorge Mussi lembrou que cada vez mais as pessoas buscam a Justi\u00e7a, e esse exerc\u00edcio crescente da cidadania \u00e9 bem-vindo e precisa\u00a0&#8230;<\/div>\n<p class=\"wpematico_credit\"><small>Powered by <a href=\"http:\/\/www.wpematico.com\" target=\"_blank\" rel=\"noopener noreferrer\">WPeMatico<\/a><\/small><\/p>","protected":false},"excerpt":{"rendered":"<p>Gest\u00e3o criativa. Jorge Mussi lembrou que cada vez mais as pessoas buscam a Justi\u00e7a, e esse exerc\u00edcio crescente da cidadania \u00e9 bem-vindo e precisa\u00a0&#8230; Powered by WPeMatico<\/p>","protected":false},"author":1,"featured_media":0,"comment_status":"registered_only","ping_status":"closed","sticky":false,"template":"","format":"standard","meta":{"__cvm_playback_settings":[],"__cvm_video_id":"","jetpack_post_was_ever_published":false,"_jetpack_newsletter_access":"","_jetpack_dont_email_post_to_subs":false,"_jetpack_newsletter_tier_id":0,"_jetpack_memberships_contains_paywalled_content":false,"_jetpack_memberships_contains_paid_content":false,"footnotes":""},"categories":[27],"tags":[],"class_list":["post-261126","post","type-post","status-publish","format-standard","hentry","category-google-news-rss-feed-url-deprecation"],"jetpack_featured_media_url":"","jetpack_sharing_enabled":true,"jetpack_shortlink":"https:\/\/wp.me\/p7fKy0-15VI","jetpack-related-posts":[],"jetpack_likes_enabled":false,"_links":{"self":[{"href":"https:\/\/k01.com.br\/index.php\/wp-json\/wp\/v2\/posts\/261126","targetHints":{"allow":["GET"]}}],"collection":[{"href":"https:\/\/k01.com.br\/index.php\/wp-json\/wp\/v2\/posts"}],"about":[{"href":"https:\/\/k01.com.br\/index.php\/wp-json\/wp\/v2\/types\/post"}],"author":[{"embeddable":true,"href":"https:\/\/k01.com.br\/index.php\/wp-json\/wp\/v2\/users\/1"}],"replies":[{"embeddable":true,"href":"https:\/\/k01.com.br\/index.php\/wp-json\/wp\/v2\/comments?post=261126"}],"version-history":[{"count":0,"href":"https:\/\/k01.com.br\/index.php\/wp-json\/wp\/v2\/posts\/261126\/revisions"}],"wp:attachment":[{"href":"https:\/\/k01.com.br\/index.php\/wp-json\/wp\/v2\/media?parent=261126"}],"wp:term":[{"taxonomy":"category","embeddable":true,"href":"https:\/\/k01.com.br\/index.php\/wp-json\/wp\/v2\/categories?post=261126"},{"taxonomy":"post_tag","embeddable":true,"href":"https:\/\/k01.com.br\/index.php\/wp-json\/wp\/v2\/tags?post=261126"}],"curies":[{"name":"wp","href":"https:\/\/api.w.org\/{rel}","templated":true}]}}